{"id":21818,"date":"2025-10-23T15:58:32","date_gmt":"2025-10-23T13:58:32","guid":{"rendered":"https:\/\/amboise-valdeloire.com\/es\/?p=21818"},"modified":"2025-10-23T16:12:35","modified_gmt":"2025-10-23T14:12:35","slug":"restaurante-la-terrasse-amboise","status":"publish","type":"post","link":"https:\/\/amboise-valdeloire.com\/es\/restaurante-la-terrasse-amboise\/","title":{"rendered":"Restaurante La Terrasse, saborea Touraine bajo el sol"},"content":{"rendered":"\t\t<div data-elementor-type=\"wp-post\" data-elementor-id=\"21818\" class=\"elementor elementor-21818\">\n\t\t\t\t\t\t<section class=\"elementor-section elementor-top-section elementor-element elementor-element-f53adb6 elementor-section-full_width elementor-section-height-min-height elementor-section-height-default elementor-section-items-middle\" data-id=\"f53adb6\" data-element_type=\"section\" data-e-type=\"section\" data-settings=\"{&quot;background_background&quot;:&quot;classic&quot;}\">\n\t\t\t\t\t\t\t<div class=\"elementor-background-overlay\"><\/div>\n\t\t\t\t\t\t\t<div class=\"elementor-container elementor-column-gap-default\">\n\t\t\t\t\t<div class=\"elementor-column elementor-col-100 elementor-top-column elementor-element elementor-element-3385c8a\" data-id=\"3385c8a\" data-element_type=\"column\" data-e-type=\"column\">\n\t\t\t<div class=\"elementor-widget-wrap elementor-element-populated\">\n\t\t\t\t\t\t<section class=\"elementor-section elementor-inner-section elementor-element elementor-element-ec482b7 elementor-section-boxed elementor-section-height-default elementor-section-height-default\" data-id=\"ec482b7\" data-element_type=\"section\" data-e-type=\"section\" data-settings=\"{&quot;background_background&quot;:&quot;classic&quot;}\">\n\t\t\t\t\t\t<div class=\"elementor-container elementor-column-gap-default\">\n\t\t\t\t\t<div class=\"elementor-column elementor-col-100 elementor-inner-column elementor-element elementor-element-138f0e4\" data-id=\"138f0e4\" data-element_type=\"column\" data-e-type=\"column\">\n\t\t\t<div class=\"elementor-widget-wrap elementor-element-populated\">\n\t\t\t\t\t\t<div class=\"elementor-element elementor-element-efe5934 elementor-widget elementor-widget-heading\" data-id=\"efe5934\" data-element_type=\"widget\" data-e-type=\"widget\" data-widget_type=\"heading.default\">\n\t\t\t\t<div class=\"elementor-widget-container\">\n\t\t\t\t\t<h1 class=\"elementor-heading-title elementor-size-default\">Restaurante La Terrasse, saborea Touraine bajo el sol<\/h1>\t\t\t\t<\/div>\n\t\t\t\t<\/div>\n\t\t\t\t\t<\/div>\n\t\t<\/div>\n\t\t\t\t\t<\/div>\n\t\t<\/section>\n\t\t\t\t\t<\/div>\n\t\t<\/div>\n\t\t\t\t\t<\/div>\n\t\t<\/section>\n\t\t\t\t<section class=\"elementor-section elementor-top-section elementor-element elementor-element-c8fe7f6 elementor-section-full_width elementor-section-height-default elementor-section-height-default\" data-id=\"c8fe7f6\" data-element_type=\"section\" data-e-type=\"section\" data-settings=\"{&quot;background_background&quot;:&quot;classic&quot;}\">\n\t\t\t\t\t\t<div class=\"elementor-container elementor-column-gap-default\">\n\t\t\t\t\t<div class=\"elementor-column elementor-col-100 elementor-top-column elementor-element elementor-element-afe0c9f\" data-id=\"afe0c9f\" data-element_type=\"column\" data-e-type=\"column\">\n\t\t\t<div class=\"elementor-widget-wrap elementor-element-populated\">\n\t\t\t\t\t\t<section class=\"elementor-section elementor-inner-section elementor-element elementor-element-99afef8 elementor-section-boxed elementor-section-height-default elementor-section-height-default\" data-id=\"99afef8\" data-element_type=\"section\" data-e-type=\"section\">\n\t\t\t\t\t\t<div class=\"elementor-container elementor-column-gap-default\">\n\t\t\t\t\t<div class=\"elementor-column elementor-col-100 elementor-inner-column elementor-element elementor-element-fba608e\" data-id=\"fba608e\" data-element_type=\"column\" data-e-type=\"column\">\n\t\t\t<div class=\"elementor-widget-wrap elementor-element-populated\">\n\t\t\t\t\t\t<div class=\"elementor-element elementor-element-1c71f8f elementor-widget elementor-widget-text-editor\" data-id=\"1c71f8f\" data-element_type=\"widget\" data-e-type=\"widget\" data-widget_type=\"text-editor.default\">\n\t\t\t\t<div class=\"elementor-widget-container\">\n\t\t\t\t\t\t\t\t\t<p>El restaurante <strong>La Terrasse de Amboise<\/strong> le da la bienvenida a los pies del Castillo Real de Amboise: \u00a1una experiencia deliciosa para su paladar!<\/p><p>Ubicado en un entorno hist\u00f3rico excepcional, este restaurante le invita a descubrir la cocina tradicional local. La Terrasse tambi\u00e9n ofrece platos preparados con pasi\u00f3n a diario en una terraza luminosa y acogedora.<\/p>\t\t\t\t\t\t\t\t<\/div>\n\t\t\t\t<\/div>\n\t\t\t\t\t<\/div>\n\t\t<\/div>\n\t\t\t\t\t<\/div>\n\t\t<\/section>\n\t\t\t\t<section class=\"elementor-section elementor-inner-section elementor-element elementor-element-521ca82 elementor-hidden-tablet elementor-hidden-mobile elementor-section-boxed elementor-section-height-default elementor-section-height-default\" data-id=\"521ca82\" data-element_type=\"section\" data-e-type=\"section\">\n\t\t\t\t\t\t<div class=\"elementor-container elementor-column-gap-default\">\n\t\t\t\t\t<div class=\"elementor-column elementor-col-100 elementor-inner-column elementor-element elementor-element-b255ed4\" data-id=\"b255ed4\" data-element_type=\"column\" data-e-type=\"column\">\n\t\t\t<div class=\"elementor-widget-wrap elementor-element-populated\">\n\t\t\t\t\t\t<div class=\"elementor-element elementor-element-73f3b54 elementor-widget-divider--view-line elementor-widget elementor-widget-divider\" data-id=\"73f3b54\" data-element_type=\"widget\" data-e-type=\"widget\" data-widget_type=\"divider.default\">\n\t\t\t\t<div class=\"elementor-widget-container\">\n\t\t\t\t\t\t\t<div class=\"elementor-divider\">\n\t\t\t<span class=\"elementor-divider-separator\">\n\t\t\t\t\t\t<\/span>\n\t\t<\/div>\n\t\t\t\t\t\t<\/div>\n\t\t\t\t<\/div>\n\t\t\t\t\t<\/div>\n\t\t<\/div>\n\t\t\t\t\t<\/div>\n\t\t<\/section>\n\t\t\t\t<section class=\"elementor-section elementor-inner-section elementor-element elementor-element-e766fd4 elementor-section-boxed elementor-section-height-default elementor-section-height-default\" data-id=\"e766fd4\" data-element_type=\"section\" data-e-type=\"section\">\n\t\t\t\t\t\t<div class=\"elementor-container elementor-column-gap-default\">\n\t\t\t\t\t<div class=\"elementor-column elementor-col-50 elementor-inner-column elementor-element elementor-element-9514f11\" data-id=\"9514f11\" data-element_type=\"column\" data-e-type=\"column\">\n\t\t\t<div class=\"elementor-widget-wrap elementor-element-populated\">\n\t\t\t\t\t\t<div class=\"elementor-element elementor-element-54a87a2 elementor-widget elementor-widget-heading\" data-id=\"54a87a2\" data-element_type=\"widget\" data-e-type=\"widget\" data-widget_type=\"heading.default\">\n\t\t\t\t<div class=\"elementor-widget-container\">\n\t\t\t\t\t<h2 class=\"elementor-heading-title elementor-size-default\">Restaurante La Terrasse: una escapada gourmet<\/h2>\t\t\t\t<\/div>\n\t\t\t\t<\/div>\n\t\t\t\t<div class=\"elementor-element elementor-element-3937f68 elementor-widget elementor-widget-text-editor\" data-id=\"3937f68\" data-element_type=\"widget\" data-e-type=\"widget\" data-widget_type=\"text-editor.default\">\n\t\t\t\t<div class=\"elementor-widget-container\">\n\t\t\t\t\t\t\t\t\t<p>Ubicado <strong>a los pies del majestuoso Ch\u00e2teau Royal d&#8217;Amboise<\/strong>, el restaurante La Terrasse le da la bienvenida en un ambiente c\u00e1lido y moderno. Su ubicaci\u00f3n es ideal, a la entrada de la calle que conduce a los dem\u00e1s castillos cercanos.<\/p><p>Lo que lo hace \u00fanico es su terraza cubierta, abierta todo el a\u00f1o. Aqu\u00ed, los rayos de sol se filtran y calientan el ambiente en cualquier \u00e9poca del a\u00f1o. Podr\u00e1 disfrutar de la luz natural mientras degusta deliciosos platos. <strong>El restaurante La Terrasse ofrece platos tradicionales<\/strong> de temporada. Adem\u00e1s de seguir las estaciones, el restaurante prioriza los ingredientes locales y de calidad.<\/p><p>Al frente de este restaurante se encuentran Chlo\u00e9 y Jacky, apasionadas gerentes que, junto con su equipo, se esfuerzan por compartir su pasi\u00f3n por la cocina tradicional con usted.<\/p>\t\t\t\t\t\t\t\t<\/div>\n\t\t\t\t<\/div>\n\t\t\t\t\t<\/div>\n\t\t<\/div>\n\t\t\t\t<div class=\"elementor-column elementor-col-50 elementor-inner-column elementor-element elementor-element-dac0389\" data-id=\"dac0389\" data-element_type=\"column\" data-e-type=\"column\">\n\t\t\t<div class=\"elementor-widget-wrap elementor-element-populated\">\n\t\t\t\t\t\t<div class=\"elementor-element elementor-element-e381929 elementor-hidden-tablet elementor-hidden-mobile elementor-widget elementor-widget-spacer\" data-id=\"e381929\" data-element_type=\"widget\" data-e-type=\"widget\" data-widget_type=\"spacer.default\">\n\t\t\t\t<div class=\"elementor-widget-container\">\n\t\t\t\t\t\t\t<div class=\"elementor-spacer\">\n\t\t\t<div class=\"elementor-spacer-inner\"><\/div>\n\t\t<\/div>\n\t\t\t\t\t\t<\/div>\n\t\t\t\t<\/div>\n\t\t\t\t<div class=\"elementor-element elementor-element-79dd5d4 elementor-widget__width-initial elementor-absolute imgmobile elementor-widget elementor-widget-image\" data-id=\"79dd5d4\" data-element_type=\"widget\" data-e-type=\"widget\" data-settings=\"{&quot;_position&quot;:&quot;absolute&quot;}\" data-widget_type=\"image.default\">\n\t\t\t\t<div class=\"elementor-widget-container\">\n\t\t\t\t\t\t\t\t\t\t\t\t\t\t\t<img fetchpriority=\"high\" decoding=\"async\" width=\"1920\" height=\"1280\" src=\"https:\/\/amboise-valdeloire.com\/es\/wp-content\/uploads\/sites\/4\/2025\/10\/IMG_4166.jpg\" class=\"attachment-full size-full wp-image-21821\" alt=\"La Terrasse restaurante Amboise\" srcset=\"https:\/\/amboise-valdeloire.com\/es\/wp-content\/uploads\/sites\/4\/2025\/10\/IMG_4166.jpg 1920w, https:\/\/amboise-valdeloire.com\/es\/wp-content\/uploads\/sites\/4\/2025\/10\/IMG_4166-300x200.jpg 300w, https:\/\/amboise-valdeloire.com\/es\/wp-content\/uploads\/sites\/4\/2025\/10\/IMG_4166-1024x683.jpg 1024w, https:\/\/amboise-valdeloire.com\/es\/wp-content\/uploads\/sites\/4\/2025\/10\/IMG_4166-768x512.jpg 768w, https:\/\/amboise-valdeloire.com\/es\/wp-content\/uploads\/sites\/4\/2025\/10\/IMG_4166-1536x1024.jpg 1536w\" sizes=\"(max-width: 1920px) 100vw, 1920px\" \/>\t\t\t\t\t\t\t\t\t\t\t\t\t\t\t<\/div>\n\t\t\t\t<\/div>\n\t\t\t\t\t<\/div>\n\t\t<\/div>\n\t\t\t\t\t<\/div>\n\t\t<\/section>\n\t\t\t\t<section class=\"elementor-section elementor-inner-section elementor-element elementor-element-e67e307 elementor-reverse-tablet elementor-reverse-mobile elementor-section-boxed elementor-section-height-default elementor-section-height-default\" data-id=\"e67e307\" data-element_type=\"section\" data-e-type=\"section\">\n\t\t\t\t\t\t<div class=\"elementor-container elementor-column-gap-default\">\n\t\t\t\t\t<div class=\"elementor-column elementor-col-50 elementor-inner-column elementor-element elementor-element-3f95c83\" data-id=\"3f95c83\" data-element_type=\"column\" data-e-type=\"column\">\n\t\t\t<div class=\"elementor-widget-wrap elementor-element-populated\">\n\t\t\t\t\t\t<div class=\"elementor-element elementor-element-a3a65d8 elementor-widget__width-initial elementor-absolute imgmobile elementor-widget elementor-widget-image\" data-id=\"a3a65d8\" data-element_type=\"widget\" data-e-type=\"widget\" data-settings=\"{&quot;_position&quot;:&quot;absolute&quot;}\" data-widget_type=\"image.default\">\n\t\t\t\t<div class=\"elementor-widget-container\">\n\t\t\t\t\t\t\t\t\t\t\t\t\t\t\t<img decoding=\"async\" width=\"1280\" height=\"1920\" src=\"https:\/\/amboise-valdeloire.com\/es\/wp-content\/uploads\/sites\/4\/2025\/10\/IMG_4163.jpg\" class=\"attachment-full size-full wp-image-21822\" alt=\"amboise restaurante la terrasse\" srcset=\"https:\/\/amboise-valdeloire.com\/es\/wp-content\/uploads\/sites\/4\/2025\/10\/IMG_4163.jpg 1280w, https:\/\/amboise-valdeloire.com\/es\/wp-content\/uploads\/sites\/4\/2025\/10\/IMG_4163-200x300.jpg 200w, https:\/\/amboise-valdeloire.com\/es\/wp-content\/uploads\/sites\/4\/2025\/10\/IMG_4163-683x1024.jpg 683w, https:\/\/amboise-valdeloire.com\/es\/wp-content\/uploads\/sites\/4\/2025\/10\/IMG_4163-768x1152.jpg 768w, https:\/\/amboise-valdeloire.com\/es\/wp-content\/uploads\/sites\/4\/2025\/10\/IMG_4163-1024x1536.jpg 1024w\" sizes=\"(max-width: 1280px) 100vw, 1280px\" \/>\t\t\t\t\t\t\t\t\t\t\t\t\t\t\t<\/div>\n\t\t\t\t<\/div>\n\t\t\t\t<div class=\"elementor-element elementor-element-7f72ac3 elementor-hidden-tablet elementor-hidden-mobile elementor-widget elementor-widget-spacer\" data-id=\"7f72ac3\" data-element_type=\"widget\" data-e-type=\"widget\" data-widget_type=\"spacer.default\">\n\t\t\t\t<div class=\"elementor-widget-container\">\n\t\t\t\t\t\t\t<div class=\"elementor-spacer\">\n\t\t\t<div class=\"elementor-spacer-inner\"><\/div>\n\t\t<\/div>\n\t\t\t\t\t\t<\/div>\n\t\t\t\t<\/div>\n\t\t\t\t\t<\/div>\n\t\t<\/div>\n\t\t\t\t<div class=\"elementor-column elementor-col-50 elementor-inner-column elementor-element elementor-element-159f5e9\" data-id=\"159f5e9\" data-element_type=\"column\" data-e-type=\"column\">\n\t\t\t<div class=\"elementor-widget-wrap elementor-element-populated\">\n\t\t\t\t\t\t<div class=\"elementor-element elementor-element-8c3286c elementor-widget elementor-widget-heading\" data-id=\"8c3286c\" data-element_type=\"widget\" data-e-type=\"widget\" data-widget_type=\"heading.default\">\n\t\t\t\t<div class=\"elementor-widget-container\">\n\t\t\t\t\t<h2 class=\"elementor-heading-title elementor-size-default\">Las especialidades del restaurante La Terrasse<\/h2>\t\t\t\t<\/div>\n\t\t\t\t<\/div>\n\t\t\t\t<div class=\"elementor-element elementor-element-3144519 elementor-widget elementor-widget-text-editor\" data-id=\"3144519\" data-element_type=\"widget\" data-e-type=\"widget\" data-widget_type=\"text-editor.default\">\n\t\t\t\t<div class=\"elementor-widget-container\">\n\t\t\t\t\t\t\t\t\t<p>En el restaurante La Terrasse, las especialidades regionales son las protagonistas. <strong>El bar le deleitar\u00e1 con sus coloridos c\u00f3cteles o vinos locales<\/strong>, perfectos para acompa\u00f1ar sus comidas.<\/p><p>En cuanto a la gastronom\u00eda, es imposible pasar por alto <strong>la beuchelle al estilo de Touraine o la panceta de cerdo \u00abRoi Rose\u00bb<\/strong>. Pero \u00bfqu\u00e9 es la beuchelle? La beuchelle es un plato caliente elaborado con mollejas y ri\u00f1ones de ternera. Esta mezcla se sirve con crema fresca y champi\u00f1ones. Los or\u00edgenes de la beuchelle son algo contradictorios, pero todo el mundo atribuye esta exquisitez a nuestra regi\u00f3n. En cuanto a la panceta de cerdo \u00abRoi Rose\u00bb, proviene del cerdo de Touraine. Esta raza a\u00fan se cr\u00eda con esmero por algunos criadores de la regi\u00f3n. El Roi Rose es el ingrediente principal de las aut\u00e9nticas rillettes de Tours. En otras palabras, es dif\u00edcil encontrar algo m\u00e1s local y representativo de los sabores de Touraine.<\/p><p>Sin embargo, si prefieres <strong>platos m\u00e1s cl\u00e1sicos, tambi\u00e9n encontrar\u00e1s hamburguesas, hermosos cortes de carne, ensaladas frescas<\/strong> e incluso platos para compartir.<\/p>\t\t\t\t\t\t\t\t<\/div>\n\t\t\t\t<\/div>\n\t\t\t\t\t<\/div>\n\t\t<\/div>\n\t\t\t\t\t<\/div>\n\t\t<\/section>\n\t\t\t\t<section class=\"elementor-section elementor-inner-section elementor-element elementor-element-3c2044f elementor-section-boxed elementor-section-height-default elementor-section-height-default\" data-id=\"3c2044f\" data-element_type=\"section\" data-e-type=\"section\">\n\t\t\t\t\t\t<div class=\"elementor-container elementor-column-gap-default\">\n\t\t\t\t\t<div class=\"elementor-column elementor-col-50 elementor-inner-column elementor-element elementor-element-bbf6123\" data-id=\"bbf6123\" data-element_type=\"column\" data-e-type=\"column\">\n\t\t\t<div class=\"elementor-widget-wrap elementor-element-populated\">\n\t\t\t\t\t\t<div class=\"elementor-element elementor-element-fd91812 elementor-widget elementor-widget-heading\" data-id=\"fd91812\" data-element_type=\"widget\" data-e-type=\"widget\" data-widget_type=\"heading.default\">\n\t\t\t\t<div class=\"elementor-widget-container\">\n\t\t\t\t\t<h2 class=\"elementor-heading-title elementor-size-default\">\u00a1Abran paso a nuestra experiencia!<\/h2>\t\t\t\t<\/div>\n\t\t\t\t<\/div>\n\t\t\t\t<div class=\"elementor-element elementor-element-2008f4c elementor-widget elementor-widget-text-editor\" data-id=\"2008f4c\" data-element_type=\"widget\" data-e-type=\"widget\" data-widget_type=\"text-editor.default\">\n\t\t\t\t<div class=\"elementor-widget-container\">\n\t\t\t\t\t\t\t\t\t<p>A nuestra llegada, Chlo\u00e9, la gerente del restaurante, nos dio una c\u00e1lida bienvenida. Nos condujo a su terraza, donde a\u00fan se respiraba un aire veraniego. Antes de pedir, Chlo\u00e9 se tom\u00f3 el tiempo de explicarnos las especialidades de la casa. Hizo especial hincapi\u00e9 en los dos favoritos del restaurante, ya mencionados: beuchelle y panceta de cerdo. Todos encontraron r\u00e1pidamente algo que les gustara, entre los platos tradicionales y las opciones m\u00e1s modernas.<\/p><p>Luego asistimos a una demostraci\u00f3n de c\u00f3cteles en el bar. En unos sencillos pasos, se mezclan los ingredientes, se agitan y surge la magia: nace un c\u00f3ctel lleno de color. Con o sin alcohol, la carta ofrece una gran variedad de bebidas. Adem\u00e1s, si desean descubrir los vinos de la regi\u00f3n, el establecimiento ofrece m\u00faltiples opciones elaboradas por viticultores locales.<\/p><p>Luego se sirvieron los platos, elegantemente presentados. Todos estaban deliciosos. \u00a1Los saboreamos hasta el \u00faltimo bocado! El encanto del lugar reside en su ambiente acogedor, realzado por la naturaleza circundante. Da la sensaci\u00f3n de estar en una burbuja atemporal. Cenar en La Terrasse es como disfrutar de unas vacaciones, ya sea en familia, en pareja o con amigos.<\/p><p>Y lleg\u00f3 la hora de los postres gourmet. Aqu\u00ed, una vez m\u00e1s, la carta se adapta para ofrecer postres elaborados con ingredientes de temporada, sin perder su exquisitez. Pasteles de frutas, deliciosos helados sundae: tantas delicias irresistibles. Recomendamos, por ejemplo, el t\u00e9 o caf\u00e9 gourmet con sus seis postres para disfrutar de cada dulce en formato miniatura.<\/p>\t\t\t\t\t\t\t\t<\/div>\n\t\t\t\t<\/div>\n\t\t\t\t\t<\/div>\n\t\t<\/div>\n\t\t\t\t<div class=\"elementor-column elementor-col-50 elementor-inner-column elementor-element elementor-element-8c74c41\" data-id=\"8c74c41\" data-element_type=\"column\" data-e-type=\"column\">\n\t\t\t<div class=\"elementor-widget-wrap elementor-element-populated\">\n\t\t\t\t\t\t<div class=\"elementor-element elementor-element-5131af1 elementor-hidden-tablet elementor-hidden-mobile elementor-widget elementor-widget-spacer\" data-id=\"5131af1\" data-element_type=\"widget\" data-e-type=\"widget\" data-widget_type=\"spacer.default\">\n\t\t\t\t<div class=\"elementor-widget-container\">\n\t\t\t\t\t\t\t<div class=\"elementor-spacer\">\n\t\t\t<div class=\"elementor-spacer-inner\"><\/div>\n\t\t<\/div>\n\t\t\t\t\t\t<\/div>\n\t\t\t\t<\/div>\n\t\t\t\t<div class=\"elementor-element elementor-element-d20b351 elementor-widget__width-initial elementor-widget elementor-widget-image\" data-id=\"d20b351\" data-element_type=\"widget\" data-e-type=\"widget\" data-widget_type=\"image.default\">\n\t\t\t\t<div class=\"elementor-widget-container\">\n\t\t\t\t\t\t\t\t\t\t\t\t\t\t\t<img decoding=\"async\" width=\"683\" height=\"1024\" src=\"https:\/\/amboise-valdeloire.com\/es\/wp-content\/uploads\/sites\/4\/2025\/10\/IMG_4143-683x1024.jpg\" class=\"attachment-large size-large wp-image-21823\" alt=\"cocktail restaurante la terrasse amboise\" srcset=\"https:\/\/amboise-valdeloire.com\/es\/wp-content\/uploads\/sites\/4\/2025\/10\/IMG_4143-683x1024.jpg 683w, https:\/\/amboise-valdeloire.com\/es\/wp-content\/uploads\/sites\/4\/2025\/10\/IMG_4143-200x300.jpg 200w, https:\/\/amboise-valdeloire.com\/es\/wp-content\/uploads\/sites\/4\/2025\/10\/IMG_4143-768x1152.jpg 768w, https:\/\/amboise-valdeloire.com\/es\/wp-content\/uploads\/sites\/4\/2025\/10\/IMG_4143-1024x1536.jpg 1024w, https:\/\/amboise-valdeloire.com\/es\/wp-content\/uploads\/sites\/4\/2025\/10\/IMG_4143.jpg 1280w\" sizes=\"(max-width: 683px) 100vw, 683px\" \/>\t\t\t\t\t\t\t\t\t\t\t\t\t\t\t<\/div>\n\t\t\t\t<\/div>\n\t\t\t\t<div class=\"elementor-element elementor-element-0e63d4d elementor-widget__width-initial elementor-absolute imgmobile elementor-widget elementor-widget-image\" data-id=\"0e63d4d\" data-element_type=\"widget\" data-e-type=\"widget\" data-settings=\"{&quot;_position&quot;:&quot;absolute&quot;}\" data-widget_type=\"image.default\">\n\t\t\t\t<div class=\"elementor-widget-container\">\n\t\t\t\t\t\t\t\t\t\t\t\t\t\t\t<img loading=\"lazy\" decoding=\"async\" width=\"1280\" height=\"1920\" src=\"https:\/\/amboise-valdeloire.com\/es\/wp-content\/uploads\/sites\/4\/2025\/10\/IMG_4173.jpg\" class=\"attachment-full size-full wp-image-21824\" alt=\"menu restaurante la terrasse amboise\" srcset=\"https:\/\/amboise-valdeloire.com\/es\/wp-content\/uploads\/sites\/4\/2025\/10\/IMG_4173.jpg 1280w, https:\/\/amboise-valdeloire.com\/es\/wp-content\/uploads\/sites\/4\/2025\/10\/IMG_4173-200x300.jpg 200w, https:\/\/amboise-valdeloire.com\/es\/wp-content\/uploads\/sites\/4\/2025\/10\/IMG_4173-683x1024.jpg 683w, https:\/\/amboise-valdeloire.com\/es\/wp-content\/uploads\/sites\/4\/2025\/10\/IMG_4173-768x1152.jpg 768w, https:\/\/amboise-valdeloire.com\/es\/wp-content\/uploads\/sites\/4\/2025\/10\/IMG_4173-1024x1536.jpg 1024w\" sizes=\"(max-width: 1280px) 100vw, 1280px\" \/>\t\t\t\t\t\t\t\t\t\t\t\t\t\t\t<\/div>\n\t\t\t\t<\/div>\n\t\t\t\t<div class=\"elementor-element elementor-element-cc770a5 elementor-widget__width-initial elementor-widget elementor-widget-image\" data-id=\"cc770a5\" data-element_type=\"widget\" data-e-type=\"widget\" data-widget_type=\"image.default\">\n\t\t\t\t<div class=\"elementor-widget-container\">\n\t\t\t\t\t\t\t\t\t\t\t\t\t\t\t<img loading=\"lazy\" decoding=\"async\" width=\"683\" height=\"1024\" src=\"https:\/\/amboise-valdeloire.com\/es\/wp-content\/uploads\/sites\/4\/2025\/10\/IMG_4195-683x1024.jpg\" class=\"attachment-large size-large wp-image-21825\" alt=\"lunch restaurante la terrasse amboise\" srcset=\"https:\/\/amboise-valdeloire.com\/es\/wp-content\/uploads\/sites\/4\/2025\/10\/IMG_4195-683x1024.jpg 683w, https:\/\/amboise-valdeloire.com\/es\/wp-content\/uploads\/sites\/4\/2025\/10\/IMG_4195-200x300.jpg 200w, https:\/\/amboise-valdeloire.com\/es\/wp-content\/uploads\/sites\/4\/2025\/10\/IMG_4195-768x1152.jpg 768w, https:\/\/amboise-valdeloire.com\/es\/wp-content\/uploads\/sites\/4\/2025\/10\/IMG_4195-1024x1536.jpg 1024w, https:\/\/amboise-valdeloire.com\/es\/wp-content\/uploads\/sites\/4\/2025\/10\/IMG_4195.jpg 1280w\" sizes=\"(max-width: 683px) 100vw, 683px\" \/>\t\t\t\t\t\t\t\t\t\t\t\t\t\t\t<\/div>\n\t\t\t\t<\/div>\n\t\t\t\t\t<\/div>\n\t\t<\/div>\n\t\t\t\t\t<\/div>\n\t\t<\/section>\n\t\t\t\t<section class=\"elementor-section elementor-inner-section elementor-element elementor-element-1691c98 elementor-section-boxed elementor-section-height-default elementor-section-height-default\" data-id=\"1691c98\" data-element_type=\"section\" data-e-type=\"section\">\n\t\t\t\t\t\t<div class=\"elementor-container elementor-column-gap-default\">\n\t\t\t\t\t<div class=\"elementor-column elementor-col-50 elementor-inner-column elementor-element elementor-element-6c93107\" data-id=\"6c93107\" data-element_type=\"column\" data-e-type=\"column\">\n\t\t\t<div class=\"elementor-widget-wrap elementor-element-populated\">\n\t\t\t\t\t\t<div class=\"elementor-element elementor-element-17e3071 elementor-hidden-tablet elementor-hidden-mobile elementor-widget elementor-widget-spacer\" data-id=\"17e3071\" data-element_type=\"widget\" data-e-type=\"widget\" data-widget_type=\"spacer.default\">\n\t\t\t\t<div class=\"elementor-widget-container\">\n\t\t\t\t\t\t\t<div class=\"elementor-spacer\">\n\t\t\t<div class=\"elementor-spacer-inner\"><\/div>\n\t\t<\/div>\n\t\t\t\t\t\t<\/div>\n\t\t\t\t<\/div>\n\t\t\t\t<div class=\"elementor-element elementor-element-6cfaa1e elementor-widget__width-initial elementor-absolute imgmobile elementor-widget elementor-widget-image\" data-id=\"6cfaa1e\" data-element_type=\"widget\" data-e-type=\"widget\" data-settings=\"{&quot;_position&quot;:&quot;absolute&quot;}\" data-widget_type=\"image.default\">\n\t\t\t\t<div class=\"elementor-widget-container\">\n\t\t\t\t\t\t\t\t\t\t\t\t\t\t\t<img loading=\"lazy\" decoding=\"async\" width=\"1280\" height=\"1920\" src=\"https:\/\/amboise-valdeloire.com\/es\/wp-content\/uploads\/sites\/4\/2025\/10\/IMG_4178.jpg\" class=\"attachment-full size-full wp-image-21826\" alt=\"cenar en amboise restaurante la terrasse\" srcset=\"https:\/\/amboise-valdeloire.com\/es\/wp-content\/uploads\/sites\/4\/2025\/10\/IMG_4178.jpg 1280w, https:\/\/amboise-valdeloire.com\/es\/wp-content\/uploads\/sites\/4\/2025\/10\/IMG_4178-200x300.jpg 200w, https:\/\/amboise-valdeloire.com\/es\/wp-content\/uploads\/sites\/4\/2025\/10\/IMG_4178-683x1024.jpg 683w, https:\/\/amboise-valdeloire.com\/es\/wp-content\/uploads\/sites\/4\/2025\/10\/IMG_4178-768x1152.jpg 768w, https:\/\/amboise-valdeloire.com\/es\/wp-content\/uploads\/sites\/4\/2025\/10\/IMG_4178-1024x1536.jpg 1024w\" sizes=\"(max-width: 1280px) 100vw, 1280px\" \/>\t\t\t\t\t\t\t\t\t\t\t\t\t\t\t<\/div>\n\t\t\t\t<\/div>\n\t\t\t\t\t<\/div>\n\t\t<\/div>\n\t\t\t\t<div class=\"elementor-column elementor-col-50 elementor-inner-column elementor-element elementor-element-dac5c69\" data-id=\"dac5c69\" data-element_type=\"column\" data-e-type=\"column\">\n\t\t\t<div class=\"elementor-widget-wrap elementor-element-populated\">\n\t\t\t\t\t\t<div class=\"elementor-element elementor-element-5f2a3d9 elementor-widget elementor-widget-heading\" data-id=\"5f2a3d9\" data-element_type=\"widget\" data-e-type=\"widget\" data-widget_type=\"heading.default\">\n\t\t\t\t<div class=\"elementor-widget-container\">\n\t\t\t\t\t<h2 class=\"elementor-heading-title elementor-size-default\">\u00bfPor qu\u00e9 ir al restaurante La Terrasse?<\/h2>\t\t\t\t<\/div>\n\t\t\t\t<\/div>\n\t\t\t\t<div class=\"elementor-element elementor-element-39d09d7 elementor-widget elementor-widget-text-editor\" data-id=\"39d09d7\" data-element_type=\"widget\" data-e-type=\"widget\" data-widget_type=\"text-editor.default\">\n\t\t\t\t<div class=\"elementor-widget-container\">\n\t\t\t\t\t\t\t\t\t<p>Si busca un restaurante con un ambiente acogedor y platos preparados y servidos con cari\u00f1o, \u00a1La Terrasse es el lugar ideal! Venga en familia, con amigos o en pareja a descubrir las especialidades de la regi\u00f3n. Su ubicaci\u00f3n a los pies del Castillo Real de Amboise, a tiro de piedra del Castillo de Clos Luc\u00e9, lo convierte en una parada ideal para explorar los castillos del Valle del Loira.<\/p><p>Adem\u00e1s, su carta variada y de temporada se adapta a todos los gustos y presupuestos, sin renunciar nunca a la calidad.<\/p><p>Con su ambiente aut\u00e9ntico, su luminosa terraza y sus emblem\u00e1ticas especialidades locales, La Terrasse es el lugar perfecto para descubrir la riqueza gastron\u00f3mica de Touraine.<\/p>\t\t\t\t\t\t\t\t<\/div>\n\t\t\t\t<\/div>\n\t\t\t\t\t<\/div>\n\t\t<\/div>\n\t\t\t\t\t<\/div>\n\t\t<\/section>\n\t\t\t\t<section class=\"elementor-section elementor-inner-section elementor-element elementor-element-8d4ab2b elementor-hidden-tablet elementor-hidden-mobile elementor-section-boxed elementor-section-height-default elementor-section-height-default\" data-id=\"8d4ab2b\" data-element_type=\"section\" data-e-type=\"section\">\n\t\t\t\t\t\t<div class=\"elementor-container elementor-column-gap-default\">\n\t\t\t\t\t<div class=\"elementor-column elementor-col-100 elementor-inner-column elementor-element elementor-element-8aaf98a\" data-id=\"8aaf98a\" data-element_type=\"column\" data-e-type=\"column\">\n\t\t\t<div class=\"elementor-widget-wrap elementor-element-populated\">\n\t\t\t\t\t\t<div class=\"elementor-element elementor-element-da27e7e elementor-widget-divider--view-line elementor-widget elementor-widget-divider\" data-id=\"da27e7e\" data-element_type=\"widget\" data-e-type=\"widget\" data-widget_type=\"divider.default\">\n\t\t\t\t<div class=\"elementor-widget-container\">\n\t\t\t\t\t\t\t<div class=\"elementor-divider\">\n\t\t\t<span class=\"elementor-divider-separator\">\n\t\t\t\t\t\t<\/span>\n\t\t<\/div>\n\t\t\t\t\t\t<\/div>\n\t\t\t\t<\/div>\n\t\t\t\t\t<\/div>\n\t\t<\/div>\n\t\t\t\t\t<\/div>\n\t\t<\/section>\n\t\t\t\t<section class=\"elementor-section elementor-inner-section elementor-element elementor-element-83ce509 elementor-section-boxed elementor-section-height-default elementor-section-height-default\" data-id=\"83ce509\" data-element_type=\"section\" data-e-type=\"section\">\n\t\t\t\t\t\t<div class=\"elementor-container elementor-column-gap-default\">\n\t\t\t\t\t<div class=\"elementor-column elementor-col-50 elementor-inner-column elementor-element elementor-element-b0cce1b\" data-id=\"b0cce1b\" data-element_type=\"column\" data-e-type=\"column\" data-settings=\"{&quot;background_background&quot;:&quot;classic&quot;}\">\n\t\t\t<div class=\"elementor-widget-wrap elementor-element-populated\">\n\t\t\t\t\t\t<div class=\"elementor-element elementor-element-7e08b98 elementor-widget elementor-widget-heading\" data-id=\"7e08b98\" data-element_type=\"widget\" data-e-type=\"widget\" data-widget_type=\"heading.default\">\n\t\t\t\t<div class=\"elementor-widget-container\">\n\t\t\t\t\t<h2 class=\"elementor-heading-title elementor-size-default\">Peque\u00f1as cosas \u00fatiles que debes saber<\/h2>\t\t\t\t<\/div>\n\t\t\t\t<\/div>\n\t\t\t\t<div class=\"elementor-element elementor-element-f148854 accroche elementor-widget elementor-widget-text-editor\" data-id=\"f148854\" data-element_type=\"widget\" data-e-type=\"widget\" data-widget_type=\"text-editor.default\">\n\t\t\t\t<div class=\"elementor-widget-container\">\n\t\t\t\t\t\t\t\t\t<ul><li style=\"font-weight: 400;\" aria-level=\"1\">El restaurante cuenta con un comedor interior y una terraza.<\/li><li style=\"font-weight: 400;\" aria-level=\"1\">Abierto todos los d\u00edas excepto los mi\u00e9rcoles.<\/li><li style=\"font-weight: 400;\" aria-level=\"1\">El restaurante se encuentra en el coraz\u00f3n de Amboise, a los pies del Castillo Real, a 7 minutos a pie del Castillo de Clos Luc\u00e9 y a 15 minutos a pie del Dominio Real del Castillo Gaillard.<\/li><li style=\"font-weight: 400;\" aria-level=\"1\">Se pueden reservar.<\/li><li style=\"font-weight: 400;\" aria-level=\"1\">Apto para vegetarianos.<\/li><li style=\"font-weight: 400;\" aria-level=\"1\">Direcci\u00f3n: 7 Rue Victor Hugo, 37400 Amboise<\/li><li style=\"font-weight: 400;\" aria-level=\"1\">Facebook: Facebook Restaurant La Terrasse<\/li><\/ul>\t\t\t\t\t\t\t\t<\/div>\n\t\t\t\t<\/div>\n\t\t\t\t\t<\/div>\n\t\t<\/div>\n\t\t\t\t<div class=\"elementor-column elementor-col-50 elementor-inner-column elementor-element elementor-element-b1c99e1 elementor-hidden-tablet elementor-hidden-mobile\" data-id=\"b1c99e1\" data-element_type=\"column\" data-e-type=\"column\">\n\t\t\t<div class=\"elementor-widget-wrap elementor-element-populated\">\n\t\t\t\t\t\t<div class=\"elementor-element elementor-element-61de0be elementor-widget__width-initial elementor-absolute imgmobile elementor-widget elementor-widget-image\" data-id=\"61de0be\" data-element_type=\"widget\" data-e-type=\"widget\" data-settings=\"{&quot;_position&quot;:&quot;absolute&quot;}\" data-widget_type=\"image.default\">\n\t\t\t\t<div class=\"elementor-widget-container\">\n\t\t\t\t\t\t\t\t\t\t\t\t\t\t\t<img loading=\"lazy\" decoding=\"async\" width=\"1920\" height=\"1280\" src=\"https:\/\/amboise-valdeloire.com\/es\/wp-content\/uploads\/sites\/4\/2025\/10\/IMG_4177.jpg\" class=\"attachment-full size-full wp-image-21820\" alt=\"restaurante la terrasse amboise\" srcset=\"https:\/\/amboise-valdeloire.com\/es\/wp-content\/uploads\/sites\/4\/2025\/10\/IMG_4177.jpg 1920w, https:\/\/amboise-valdeloire.com\/es\/wp-content\/uploads\/sites\/4\/2025\/10\/IMG_4177-300x200.jpg 300w, https:\/\/amboise-valdeloire.com\/es\/wp-content\/uploads\/sites\/4\/2025\/10\/IMG_4177-1024x683.jpg 1024w, https:\/\/amboise-valdeloire.com\/es\/wp-content\/uploads\/sites\/4\/2025\/10\/IMG_4177-768x512.jpg 768w, https:\/\/amboise-valdeloire.com\/es\/wp-content\/uploads\/sites\/4\/2025\/10\/IMG_4177-1536x1024.jpg 1536w\" sizes=\"(max-width: 1920px) 100vw, 1920px\" \/>\t\t\t\t\t\t\t\t\t\t\t\t\t\t\t<\/div>\n\t\t\t\t<\/div>\n\t\t\t\t\t<\/div>\n\t\t<\/div>\n\t\t\t\t\t<\/div>\n\t\t<\/section>\n\t\t\t\t\t<\/div>\n\t\t<\/div>\n\t\t\t\t\t<\/div>\n\t\t<\/section>\n\t\t\t\t<\/div>\n\t\t","protected":false},"excerpt":{"rendered":"<p>Restaurante La Terrasse, saborea Touraine bajo el sol El restaurante La Terrasse de Amboise le da la bienvenida a los pies del Castillo Real de Amboise: \u00a1una experiencia deliciosa para su paladar! Ubicado en un entorno hist\u00f3rico excepcional, este restaurante le invita a descubrir la cocina tradicional local. La Terrasse tambi\u00e9n ofrece platos preparados con [&hellip;]<\/p>\n","protected":false},"author":1,"featured_media":21820,"comment_status":"closed","ping_status":"open","sticky":false,"template":"","format":"standard","meta":{"inline_featured_image":false,"footnotes":""},"categories":[2,7],"tags":[],"sp_smart_badges":[],"post_folder":[],"class_list":["post-21818","post","type-post","status-publish","format-standard","has-post-thumbnail","hentry","category-actu-a-la-une","category-gastronomy-vineyards"],"yoast_head":"<!-- This site is optimized with the Yoast SEO plugin v27.5 - https:\/\/yoast.com\/product\/yoast-seo-wordpress\/ -->\n<title>Restaurante La Terrasse, saborea Touraine bajo el sol - Oficina de Turismo del Valle del Loira de Amboise, Castillos del Valle del Loira<\/title>\n<meta name=\"description\" content=\"El restaurante La Terrasse de Amboise le da la bienvenida a los pies del Castillo Real de Amboise: \u00a1una experiencia deliciosa para su paladar!\" \/>\n<meta name=\"robots\" content=\"index, follow, max-snippet:-1, max-image-preview:large, max-video-preview:-1\" \/>\n<link rel=\"canonical\" href=\"https:\/\/amboise-valdeloire.com\/es\/restaurante-la-terrasse-amboise\/\" \/>\n<meta property=\"og:locale\" content=\"es_ES\" \/>\n<meta property=\"og:type\" content=\"article\" \/>\n<meta property=\"og:title\" content=\"Restaurante La Terrasse, saborea Touraine bajo el sol - Oficina de Turismo del Valle del Loira de Amboise, Castillos del Valle del Loira\" \/>\n<meta property=\"og:description\" content=\"El restaurante La Terrasse de Amboise le da la bienvenida a los pies del Castillo Real de Amboise: \u00a1una experiencia deliciosa para su paladar!\" \/>\n<meta property=\"og:url\" content=\"https:\/\/amboise-valdeloire.com\/es\/restaurante-la-terrasse-amboise\/\" \/>\n<meta property=\"og:site_name\" content=\"Oficina de Turismo del Valle del Loira de Amboise, Castillos del Valle del Loira\" \/>\n<meta property=\"article:published_time\" content=\"2025-10-23T13:58:32+00:00\" \/>\n<meta property=\"article:modified_time\" content=\"2025-10-23T14:12:35+00:00\" \/>\n<meta property=\"og:image\" content=\"http:\/\/amboise-valdeloire.com\/es\/wp-content\/uploads\/sites\/4\/2025\/10\/IMG_4177.jpg\" \/>\n\t<meta property=\"og:image:width\" content=\"1920\" \/>\n\t<meta property=\"og:image:height\" content=\"1280\" \/>\n\t<meta property=\"og:image:type\" content=\"image\/jpeg\" \/>\n<meta name=\"author\" content=\"IdeopointPOINTcom\" \/>\n<meta name=\"twitter:card\" content=\"summary_large_image\" \/>\n<meta name=\"twitter:label1\" content=\"Escrito por\" \/>\n\t<meta name=\"twitter:data1\" content=\"IdeopointPOINTcom\" \/>\n\t<meta name=\"twitter:label2\" content=\"Tiempo de lectura\" \/>\n\t<meta name=\"twitter:data2\" content=\"6 minutos\" \/>\n<script type=\"application\/ld+json\" class=\"yoast-schema-graph\">{\"@context\":\"https:\\\/\\\/schema.org\",\"@graph\":[{\"@type\":\"Article\",\"@id\":\"https:\\\/\\\/amboise-valdeloire.com\\\/es\\\/restaurante-la-terrasse-amboise\\\/#article\",\"isPartOf\":{\"@id\":\"https:\\\/\\\/amboise-valdeloire.com\\\/es\\\/restaurante-la-terrasse-amboise\\\/\"},\"author\":{\"name\":\"IdeopointPOINTcom\",\"@id\":\"https:\\\/\\\/amboise-valdeloire.com\\\/es\\\/#\\\/schema\\\/person\\\/3a9d5f568466f7757e0abc8be3054d3c\"},\"headline\":\"Restaurante La Terrasse, saborea Touraine bajo el sol\",\"datePublished\":\"2025-10-23T13:58:32+00:00\",\"dateModified\":\"2025-10-23T14:12:35+00:00\",\"mainEntityOfPage\":{\"@id\":\"https:\\\/\\\/amboise-valdeloire.com\\\/es\\\/restaurante-la-terrasse-amboise\\\/\"},\"wordCount\":888,\"image\":{\"@id\":\"https:\\\/\\\/amboise-valdeloire.com\\\/es\\\/restaurante-la-terrasse-amboise\\\/#primaryimage\"},\"thumbnailUrl\":\"https:\\\/\\\/amboise-valdeloire.com\\\/es\\\/wp-content\\\/uploads\\\/sites\\\/4\\\/2025\\\/10\\\/IMG_4177.jpg\",\"articleSection\":[\"Actu \u00e0 la une\",\"Gastronom\u00eda y vi\u00f1edos\"],\"inLanguage\":\"es\"},{\"@type\":\"WebPage\",\"@id\":\"https:\\\/\\\/amboise-valdeloire.com\\\/es\\\/restaurante-la-terrasse-amboise\\\/\",\"url\":\"https:\\\/\\\/amboise-valdeloire.com\\\/es\\\/restaurante-la-terrasse-amboise\\\/\",\"name\":\"Restaurante La Terrasse, saborea Touraine bajo el sol - Oficina de Turismo del Valle del Loira de Amboise, Castillos del Valle del Loira\",\"isPartOf\":{\"@id\":\"https:\\\/\\\/amboise-valdeloire.com\\\/es\\\/#website\"},\"primaryImageOfPage\":{\"@id\":\"https:\\\/\\\/amboise-valdeloire.com\\\/es\\\/restaurante-la-terrasse-amboise\\\/#primaryimage\"},\"image\":{\"@id\":\"https:\\\/\\\/amboise-valdeloire.com\\\/es\\\/restaurante-la-terrasse-amboise\\\/#primaryimage\"},\"thumbnailUrl\":\"https:\\\/\\\/amboise-valdeloire.com\\\/es\\\/wp-content\\\/uploads\\\/sites\\\/4\\\/2025\\\/10\\\/IMG_4177.jpg\",\"datePublished\":\"2025-10-23T13:58:32+00:00\",\"dateModified\":\"2025-10-23T14:12:35+00:00\",\"author\":{\"@id\":\"https:\\\/\\\/amboise-valdeloire.com\\\/es\\\/#\\\/schema\\\/person\\\/3a9d5f568466f7757e0abc8be3054d3c\"},\"description\":\"El restaurante La Terrasse de Amboise le da la bienvenida a los pies del Castillo Real de Amboise: \u00a1una experiencia deliciosa para su paladar!\",\"breadcrumb\":{\"@id\":\"https:\\\/\\\/amboise-valdeloire.com\\\/es\\\/restaurante-la-terrasse-amboise\\\/#breadcrumb\"},\"inLanguage\":\"es\",\"potentialAction\":[{\"@type\":\"ReadAction\",\"target\":[\"https:\\\/\\\/amboise-valdeloire.com\\\/es\\\/restaurante-la-terrasse-amboise\\\/\"]}]},{\"@type\":\"ImageObject\",\"inLanguage\":\"es\",\"@id\":\"https:\\\/\\\/amboise-valdeloire.com\\\/es\\\/restaurante-la-terrasse-amboise\\\/#primaryimage\",\"url\":\"https:\\\/\\\/amboise-valdeloire.com\\\/es\\\/wp-content\\\/uploads\\\/sites\\\/4\\\/2025\\\/10\\\/IMG_4177.jpg\",\"contentUrl\":\"https:\\\/\\\/amboise-valdeloire.com\\\/es\\\/wp-content\\\/uploads\\\/sites\\\/4\\\/2025\\\/10\\\/IMG_4177.jpg\",\"width\":1920,\"height\":1280,\"caption\":\"restaurante la terrasse amboise\"},{\"@type\":\"BreadcrumbList\",\"@id\":\"https:\\\/\\\/amboise-valdeloire.com\\\/es\\\/restaurante-la-terrasse-amboise\\\/#breadcrumb\",\"itemListElement\":[{\"@type\":\"ListItem\",\"position\":1,\"name\":\"Inicio\",\"item\":\"https:\\\/\\\/amboise-valdeloire.com\\\/es\\\/\"},{\"@type\":\"ListItem\",\"position\":2,\"name\":\"Restaurante La Terrasse, saborea Touraine bajo el sol\"}]},{\"@type\":\"WebSite\",\"@id\":\"https:\\\/\\\/amboise-valdeloire.com\\\/es\\\/#website\",\"url\":\"https:\\\/\\\/amboise-valdeloire.com\\\/es\\\/\",\"name\":\"Oficina de Turismo del Valle del Loira de Amboise, Castillos del Valle del Loira\",\"description\":\"\",\"potentialAction\":[{\"@type\":\"SearchAction\",\"target\":{\"@type\":\"EntryPoint\",\"urlTemplate\":\"https:\\\/\\\/amboise-valdeloire.com\\\/es\\\/?s={search_term_string}\"},\"query-input\":{\"@type\":\"PropertyValueSpecification\",\"valueRequired\":true,\"valueName\":\"search_term_string\"}}],\"inLanguage\":\"es\"},{\"@type\":\"Person\",\"@id\":\"https:\\\/\\\/amboise-valdeloire.com\\\/es\\\/#\\\/schema\\\/person\\\/3a9d5f568466f7757e0abc8be3054d3c\",\"name\":\"IdeopointPOINTcom\",\"image\":{\"@type\":\"ImageObject\",\"inLanguage\":\"es\",\"@id\":\"https:\\\/\\\/secure.gravatar.com\\\/avatar\\\/cb2eeb5bd47ac61ad5d5b61768cddc131d9d3b0ee3423b3a69510a905028c3af?s=96&d=mm&r=g\",\"url\":\"https:\\\/\\\/secure.gravatar.com\\\/avatar\\\/cb2eeb5bd47ac61ad5d5b61768cddc131d9d3b0ee3423b3a69510a905028c3af?s=96&d=mm&r=g\",\"contentUrl\":\"https:\\\/\\\/secure.gravatar.com\\\/avatar\\\/cb2eeb5bd47ac61ad5d5b61768cddc131d9d3b0ee3423b3a69510a905028c3af?s=96&d=mm&r=g\",\"caption\":\"IdeopointPOINTcom\"},\"sameAs\":[\"https:\\\/\\\/amboise-valdeloire.com\"],\"url\":\"https:\\\/\\\/amboise-valdeloire.com\\\/es\\\/author\\\/ideopointpointcom\\\/\"}]}<\/script>\n<!-- \/ Yoast SEO plugin. -->","yoast_head_json":{"title":"Restaurante La Terrasse, saborea Touraine bajo el sol - Oficina de Turismo del Valle del Loira de Amboise, Castillos del Valle del Loira","description":"El restaurante La Terrasse de Amboise le da la bienvenida a los pies del Castillo Real de Amboise: \u00a1una experiencia deliciosa para su paladar!","robots":{"index":"index","follow":"follow","max-snippet":"max-snippet:-1","max-image-preview":"max-image-preview:large","max-video-preview":"max-video-preview:-1"},"canonical":"https:\/\/amboise-valdeloire.com\/es\/restaurante-la-terrasse-amboise\/","og_locale":"es_ES","og_type":"article","og_title":"Restaurante La Terrasse, saborea Touraine bajo el sol - Oficina de Turismo del Valle del Loira de Amboise, Castillos del Valle del Loira","og_description":"El restaurante La Terrasse de Amboise le da la bienvenida a los pies del Castillo Real de Amboise: \u00a1una experiencia deliciosa para su paladar!","og_url":"https:\/\/amboise-valdeloire.com\/es\/restaurante-la-terrasse-amboise\/","og_site_name":"Oficina de Turismo del Valle del Loira de Amboise, Castillos del Valle del Loira","article_published_time":"2025-10-23T13:58:32+00:00","article_modified_time":"2025-10-23T14:12:35+00:00","og_image":[{"width":1920,"height":1280,"url":"http:\/\/amboise-valdeloire.com\/es\/wp-content\/uploads\/sites\/4\/2025\/10\/IMG_4177.jpg","type":"image\/jpeg"}],"author":"IdeopointPOINTcom","twitter_card":"summary_large_image","twitter_misc":{"Escrito por":"IdeopointPOINTcom","Tiempo de lectura":"6 minutos"},"schema":{"@context":"https:\/\/schema.org","@graph":[{"@type":"Article","@id":"https:\/\/amboise-valdeloire.com\/es\/restaurante-la-terrasse-amboise\/#article","isPartOf":{"@id":"https:\/\/amboise-valdeloire.com\/es\/restaurante-la-terrasse-amboise\/"},"author":{"name":"IdeopointPOINTcom","@id":"https:\/\/amboise-valdeloire.com\/es\/#\/schema\/person\/3a9d5f568466f7757e0abc8be3054d3c"},"headline":"Restaurante La Terrasse, saborea Touraine bajo el sol","datePublished":"2025-10-23T13:58:32+00:00","dateModified":"2025-10-23T14:12:35+00:00","mainEntityOfPage":{"@id":"https:\/\/amboise-valdeloire.com\/es\/restaurante-la-terrasse-amboise\/"},"wordCount":888,"image":{"@id":"https:\/\/amboise-valdeloire.com\/es\/restaurante-la-terrasse-amboise\/#primaryimage"},"thumbnailUrl":"https:\/\/amboise-valdeloire.com\/es\/wp-content\/uploads\/sites\/4\/2025\/10\/IMG_4177.jpg","articleSection":["Actu \u00e0 la une","Gastronom\u00eda y vi\u00f1edos"],"inLanguage":"es"},{"@type":"WebPage","@id":"https:\/\/amboise-valdeloire.com\/es\/restaurante-la-terrasse-amboise\/","url":"https:\/\/amboise-valdeloire.com\/es\/restaurante-la-terrasse-amboise\/","name":"Restaurante La Terrasse, saborea Touraine bajo el sol - Oficina de Turismo del Valle del Loira de Amboise, Castillos del Valle del Loira","isPartOf":{"@id":"https:\/\/amboise-valdeloire.com\/es\/#website"},"primaryImageOfPage":{"@id":"https:\/\/amboise-valdeloire.com\/es\/restaurante-la-terrasse-amboise\/#primaryimage"},"image":{"@id":"https:\/\/amboise-valdeloire.com\/es\/restaurante-la-terrasse-amboise\/#primaryimage"},"thumbnailUrl":"https:\/\/amboise-valdeloire.com\/es\/wp-content\/uploads\/sites\/4\/2025\/10\/IMG_4177.jpg","datePublished":"2025-10-23T13:58:32+00:00","dateModified":"2025-10-23T14:12:35+00:00","author":{"@id":"https:\/\/amboise-valdeloire.com\/es\/#\/schema\/person\/3a9d5f568466f7757e0abc8be3054d3c"},"description":"El restaurante La Terrasse de Amboise le da la bienvenida a los pies del Castillo Real de Amboise: \u00a1una experiencia deliciosa para su paladar!","breadcrumb":{"@id":"https:\/\/amboise-valdeloire.com\/es\/restaurante-la-terrasse-amboise\/#breadcrumb"},"inLanguage":"es","potentialAction":[{"@type":"ReadAction","target":["https:\/\/amboise-valdeloire.com\/es\/restaurante-la-terrasse-amboise\/"]}]},{"@type":"ImageObject","inLanguage":"es","@id":"https:\/\/amboise-valdeloire.com\/es\/restaurante-la-terrasse-amboise\/#primaryimage","url":"https:\/\/amboise-valdeloire.com\/es\/wp-content\/uploads\/sites\/4\/2025\/10\/IMG_4177.jpg","contentUrl":"https:\/\/amboise-valdeloire.com\/es\/wp-content\/uploads\/sites\/4\/2025\/10\/IMG_4177.jpg","width":1920,"height":1280,"caption":"restaurante la terrasse amboise"},{"@type":"BreadcrumbList","@id":"https:\/\/amboise-valdeloire.com\/es\/restaurante-la-terrasse-amboise\/#breadcrumb","itemListElement":[{"@type":"ListItem","position":1,"name":"Inicio","item":"https:\/\/amboise-valdeloire.com\/es\/"},{"@type":"ListItem","position":2,"name":"Restaurante La Terrasse, saborea Touraine bajo el sol"}]},{"@type":"WebSite","@id":"https:\/\/amboise-valdeloire.com\/es\/#website","url":"https:\/\/amboise-valdeloire.com\/es\/","name":"Oficina de Turismo del Valle del Loira de Amboise, Castillos del Valle del Loira","description":"","potentialAction":[{"@type":"SearchAction","target":{"@type":"EntryPoint","urlTemplate":"https:\/\/amboise-valdeloire.com\/es\/?s={search_term_string}"},"query-input":{"@type":"PropertyValueSpecification","valueRequired":true,"valueName":"search_term_string"}}],"inLanguage":"es"},{"@type":"Person","@id":"https:\/\/amboise-valdeloire.com\/es\/#\/schema\/person\/3a9d5f568466f7757e0abc8be3054d3c","name":"IdeopointPOINTcom","image":{"@type":"ImageObject","inLanguage":"es","@id":"https:\/\/secure.gravatar.com\/avatar\/cb2eeb5bd47ac61ad5d5b61768cddc131d9d3b0ee3423b3a69510a905028c3af?s=96&d=mm&r=g","url":"https:\/\/secure.gravatar.com\/avatar\/cb2eeb5bd47ac61ad5d5b61768cddc131d9d3b0ee3423b3a69510a905028c3af?s=96&d=mm&r=g","contentUrl":"https:\/\/secure.gravatar.com\/avatar\/cb2eeb5bd47ac61ad5d5b61768cddc131d9d3b0ee3423b3a69510a905028c3af?s=96&d=mm&r=g","caption":"IdeopointPOINTcom"},"sameAs":["https:\/\/amboise-valdeloire.com"],"url":"https:\/\/amboise-valdeloire.com\/es\/author\/ideopointpointcom\/"}]}},"_links":{"self":[{"href":"https:\/\/amboise-valdeloire.com\/es\/wp-json\/wp\/v2\/posts\/21818","targetHints":{"allow":["GET"]}}],"collection":[{"href":"https:\/\/amboise-valdeloire.com\/es\/wp-json\/wp\/v2\/posts"}],"about":[{"href":"https:\/\/amboise-valdeloire.com\/es\/wp-json\/wp\/v2\/types\/post"}],"author":[{"embeddable":true,"href":"https:\/\/amboise-valdeloire.com\/es\/wp-json\/wp\/v2\/users\/1"}],"replies":[{"embeddable":true,"href":"https:\/\/amboise-valdeloire.com\/es\/wp-json\/wp\/v2\/comments?post=21818"}],"version-history":[{"count":18,"href":"https:\/\/amboise-valdeloire.com\/es\/wp-json\/wp\/v2\/posts\/21818\/revisions"}],"predecessor-version":[{"id":21851,"href":"https:\/\/amboise-valdeloire.com\/es\/wp-json\/wp\/v2\/posts\/21818\/revisions\/21851"}],"wp:featuredmedia":[{"embeddable":true,"href":"https:\/\/amboise-valdeloire.com\/es\/wp-json\/wp\/v2\/media\/21820"}],"wp:attachment":[{"href":"https:\/\/amboise-valdeloire.com\/es\/wp-json\/wp\/v2\/media?parent=21818"}],"wp:term":[{"taxonomy":"category","embeddable":true,"href":"https:\/\/amboise-valdeloire.com\/es\/wp-json\/wp\/v2\/categories?post=21818"},{"taxonomy":"post_tag","embeddable":true,"href":"https:\/\/amboise-valdeloire.com\/es\/wp-json\/wp\/v2\/tags?post=21818"},{"taxonomy":"sp_smart_badges","embeddable":true,"href":"https:\/\/amboise-valdeloire.com\/es\/wp-json\/wp\/v2\/sp_smart_badges?post=21818"},{"taxonomy":"post_folder","embeddable":true,"href":"https:\/\/amboise-valdeloire.com\/es\/wp-json\/wp\/v2\/post_folder?post=21818"}],"curies":[{"name":"wp","href":"https:\/\/api.w.org\/{rel}","templated":true}]}}